{"id":632,"date":"2023-10-20T13:12:01","date_gmt":"2023-10-20T11:12:01","guid":{"rendered":"https:\/\/dev.marcinjahr.com\/?post_type=news&#038;p=632"},"modified":"2023-12-09T22:41:33","modified_gmt":"2023-12-09T21:41:33","slug":"monodram-maria-seweryn","status":"publish","type":"news","link":"https:\/\/marcinjahr.com\/en\/news\/monodram-maria-seweryn\/","title":{"rendered":"Monodram &#8222;Na pierwszy rzut oka&#8221; (Prima Facie)"},"content":{"rendered":"<p style=\"padding-top:0px;padding-bottom:0px;line-height:1.2\">W monodramie Suzie Miller, wspania\u0142\u0105 kreacj\u0119 aktorsk\u0105 prezentuje Maria Seweryn, a ja gram na b\u0119bnach \u2013 solo i do muzyki Micha\u0142a Lam\u017cy. Re\u017cyseria &#8211; Adam Sajnuk. Daty spektakli:<\/p>\n\n\n\n<p style=\"padding-top:0px;padding-bottom:0px;line-height:1.2\">22.11.2023 \u2013 \u0141\u00f3d\u017a, Teatr Kamila Ma\u0107kowiaka, FESTIWAL TEATRU KAMERALNEGO, godz. 19:00 <\/p>\n\n\n\n<p style=\"padding-top:0px;padding-bottom:0px;line-height:1.2\">09.12.2023 \u2013 Warszawa, Teatr Polonia, godz. 16:00 <\/p>\n\n\n\n<p style=\"padding-top:0px;padding-bottom:0px;line-height:1.2\">29.01.2024 \u2013 Warszawa, Teatr Polonia, godz. 12:00 <\/p>\n\n\n\n<p style=\"padding-top:0px;padding-bottom:0px;line-height:1.2\">29.01.2024 \u2013 Warszawa, Teatr Polonia, godz 19:30 <\/p>\n\n\n\n<p style=\"padding-top:0px;padding-bottom:0px;line-height:1.2\">15.02.2024 \u2013 Warszawa, Teatr Polonia, godz. 12:00 <\/p>\n\n\n\n<p style=\"padding-top:0px;padding-bottom:0px;line-height:1.2\">15.02.2024 \u2013 Warszawa, Teatr Polonia, godz. 19:30 <\/p>\n\n\n\n<p style=\"padding-top:0px;padding-bottom:0px;line-height:1.2\">03.03.2024 \u2013 Warszawa, Teatr Polonia, godz. 17:00 <\/p>\n\n\n\n<p style=\"padding-top:0px;padding-bottom:0px;line-height:1.2\">09.03.2024 \u2013 Warszawa, Teatr Polonia, godz. 19:30 <\/p>\n\n\n\n<p style=\"padding-top:0px;padding-bottom:0px;line-height:1.2\">19.03.2024 \u2013 Warszawa, Teatr Polonia, godz 12:00 <\/p>\n\n\n\n<p style=\"padding-top:0px;padding-bottom:0px;line-height:1.2\">19.03.2024 \u2013 Warszawa, Teatr Polonia, godz. 19:30 <\/p>\n\n\n\n<p style=\"padding-top:0px;padding-bottom:0px;line-height:1.2\">24.04.2024 \u2013 Warszawa, Teatr Polonia, godz. 19:30 <\/p>\n\n\n\n<p style=\"padding-top:0px;padding-bottom:0px;line-height:1.2\">25.04.2024 \u2013 Warszawa, Teatr Polonia, godz. 12:00 <\/p>\n\n\n\n<p style=\"padding-top:0px;padding-bottom:0px;line-height:1.2\">25.04.2024 \u2013 Warszawa, Teatr Polonia, godz. 19:30 <\/p>\n\n\n\n<p style=\"padding-top:0px;padding-bottom:0px;line-height:1.2\">22.05.2024 \u2013 Warszawa, Teatr Polonia, godz. 19:30 <\/p>\n\n\n\n<p style=\"padding-top:0px;padding-bottom:0px;line-height:1.2\">23.05.2024 \u2013 Warszawa, Teatr Polonia, godz. 12:00 <\/p>\n\n\n\n<p style=\"padding-top:0px;padding-bottom:0px;line-height:1.2\">23.05.2024 \u2013 Warszawa, Teatr Polonia, godz. 19:30 <\/p>\n\n\n\n<p style=\"padding-top:0px;padding-bottom:0px;line-height:1.2\">02.06.2024 \u2013 Warszawa, Teatr Polonia, godz. 17:00<\/p>","protected":false},"excerpt":{"rendered":"<p>Ci\u0105g dalszy moich przyg\u00f3d z teatrem&#8230; monodram Marii Seweryn, zobacz daty przedstawie\u0144.<\/p>","protected":false},"template":"","meta":{"_seopress_robots_primary_cat":"","_seopress_titles_title":"","_seopress_titles_desc":"","_seopress_robots_index":"","_kad_blocks_custom_css":"","_kad_blocks_head_custom_js":"","_kad_blocks_body_custom_js":"","_kad_blocks_footer_custom_js":"","_kad_post_transparent":"","_kad_post_title":"","_kad_post_layout":"","_kad_post_sidebar_id":"","_kad_post_content_style":"","_kad_post_vertical_padding":"","_kad_post_feature":"","_kad_post_feature_position":"","_kad_post_header":false,"_kad_post_footer":false,"_kad_post_classname":""},"class_list":["post-632","news","type-news","status-publish"],"taxonomy_info":[],"featured_image_src_large":[],"author_info":[],"comment_info":"","_links":{"self":[{"href":"https:\/\/marcinjahr.com\/en\/wp-json\/wp\/v2\/news\/632","targetHints":{"allow":["GET"]}}],"collection":[{"href":"https:\/\/marcinjahr.com\/en\/wp-json\/wp\/v2\/news"}],"about":[{"href":"https:\/\/marcinjahr.com\/en\/wp-json\/wp\/v2\/types\/news"}],"wp:attachment":[{"href":"https:\/\/marcinjahr.com\/en\/wp-json\/wp\/v2\/media?parent=632"}],"curies":[{"name":"wp","href":"https:\/\/api.w.org\/{rel}","templated":true}]}}