{"id":3986,"date":"2024-07-12T23:20:18","date_gmt":"2024-07-12T21:20:18","guid":{"rendered":"https:\/\/marcinjahr.com\/news\/warszaty\/"},"modified":"2024-07-12T23:27:40","modified_gmt":"2024-07-12T21:27:40","slug":"warszaty","status":"publish","type":"news","link":"https:\/\/marcinjahr.com\/en\/news\/warszaty\/","title":{"rendered":"Warszaty w Lesznie i w Chodzie\u017cy"},"content":{"rendered":"<p>Zapraszam do Leszna na 20. Mi\u0119dzynarodowe Warsztaty Jazzowe, kt\u00f3re odb\u0119d\u0105 si\u0119 w dniach 14-20 lipca 2024 &#8211; poprowadz\u0119 tam klas\u0119 perkusji. S\u0105 jeszcze wolne miejsca!<\/p>\n<p>Szczeg\u00f3\u0142owe informacje na <a href=\"http:\/\/www.pro-musica.org.pl\">http:\/\/www.pro-musica.org<\/a><\/p>\n<p><img loading=\"lazy\" decoding=\"async\" class=\"alignnone size-medium wp-image-3985\" src=\"https:\/\/marcinjahr.com\/wp-content\/uploads\/2024\/07\/leszno2024-209x300.jpg\" alt=\"\" width=\"209\" height=\"300\" \/><\/p>\n<p>Tydzie\u0144 p\u00f3\u017aniej &#8211; w dniach 27-28 lipca, b\u0119d\u0119 prowadzi\u0142 Klasy Mistrzowskie podczas 54. Mi\u0119dzynarodowych Warsztat\u00f3w Cho-Jazz w Chodzie\u017cy, a 29 lipca zagram tam koncert po\u015bwi\u0119cony Janowi &#8222;Ptaszynowi Wr\u00f3blewskiemu &#8211; w kwartecie z Henrykiem Mi\u015bkiewiczem, Wojciechem Niedziel\u0105 i Andrzejem \u015awi\u0119sem.<\/p>","protected":false},"excerpt":{"rendered":"<p>Zapraszam do Leszna na 20. Mi\u0119dzynarodowe Warsztaty Jazzowe, kt\u00f3re odb\u0119d\u0105 si\u0119 w dniach 14-20 lipca 2024 &#8211; poprowadz\u0119 tam klas\u0119 perkusji. S\u0105 jeszcze wolne miejsca! Szczeg\u00f3\u0142owe informacje na http:\/\/www.pro-musica.org Tydzie\u0144 p\u00f3\u017aniej &#8211; w dniach 27-28 lipca, b\u0119d\u0119 prowadzi\u0142 Klasy Mistrzowskie podczas 54. Mi\u0119dzynarodowych Warsztat\u00f3w Cho-Jazz w Chodzie\u017cy, a 29 lipca zagram tam koncert po\u015bwi\u0119cony Janowi&#8230;<\/p>","protected":false},"template":"","meta":{"_seopress_robots_primary_cat":"","_seopress_titles_title":"","_seopress_titles_desc":"","_seopress_robots_index":"","_kad_blocks_custom_css":"","_kad_blocks_head_custom_js":"","_kad_blocks_body_custom_js":"","_kad_blocks_footer_custom_js":"","_kad_post_transparent":"","_kad_post_title":"","_kad_post_layout":"","_kad_post_sidebar_id":"","_kad_post_content_style":"","_kad_post_vertical_padding":"","_kad_post_feature":"","_kad_post_feature_position":"","_kad_post_header":false,"_kad_post_footer":false,"_kad_post_classname":""},"class_list":["post-3986","news","type-news","status-publish"],"taxonomy_info":[],"featured_image_src_large":[],"author_info":[],"comment_info":"","_links":{"self":[{"href":"https:\/\/marcinjahr.com\/en\/wp-json\/wp\/v2\/news\/3986","targetHints":{"allow":["GET"]}}],"collection":[{"href":"https:\/\/marcinjahr.com\/en\/wp-json\/wp\/v2\/news"}],"about":[{"href":"https:\/\/marcinjahr.com\/en\/wp-json\/wp\/v2\/types\/news"}],"wp:attachment":[{"href":"https:\/\/marcinjahr.com\/en\/wp-json\/wp\/v2\/media?parent=3986"}],"curies":[{"name":"wp","href":"https:\/\/api.w.org\/{rel}","templated":true}]}}