{"id":1584,"date":"2023-09-01T21:20:28","date_gmt":"2023-09-01T19:20:28","guid":{"rendered":"https:\/\/dev.marcinjahr.com\/?post_type=news&#038;p=1584"},"modified":"2023-11-02T21:55:10","modified_gmt":"2023-11-02T20:55:10","slug":"jan-ptaszyn-wroblewski-quartet","status":"publish","type":"news","link":"https:\/\/marcinjahr.com\/en\/news\/jan-ptaszyn-wroblewski-quartet\/","title":{"rendered":"Jan Ptaszyn Wr\u00f3blewski Quartet &#8211; On the Road Vol.2"},"content":{"rendered":"<p>Najnowsza edycja nagra\u0144 na \u017cywo z legend\u0105 polskiego jazzu.<br>&nbsp;<br><img loading=\"lazy\" decoding=\"async\" src=\"https:\/\/marcinjahr.com\/wp-content\/uploads\/2023\/09\/Jan-Ptaszyn-On-The-Road-V2-300x300.webp\" alt=\"\" width=\"206\" height=\"206\"><br>&nbsp;<br>Utwory:<br>01. Trzydzie\u015bci osiem<br>02. Doxy<br>03. Autumn Nocturne<br>04. Billie\u2019s Bounce<br>05. We\u2019ll Be Together Again<br>&nbsp;<br>Pozosta\u0142e szczeg\u00f3\u0142y i link do sklepu w <a href=\"https:\/\/marcinjahr.com\/en\/dyskografia\/on-the-road-vol-2\/\">dyskografii<\/a>.<\/p>","protected":false},"excerpt":{"rendered":"<p>Najnowsza edycja nagra\u0144 na \u017cywo z legend\u0105 polskiego jazzu ju\u017c w sprzeda\u017cy.<\/p>","protected":false},"template":"","meta":{"_seopress_robots_primary_cat":"","_seopress_titles_title":"","_seopress_titles_desc":"","_seopress_robots_index":"","_kad_blocks_custom_css":"","_kad_blocks_head_custom_js":"","_kad_blocks_body_custom_js":"","_kad_blocks_footer_custom_js":"","_kad_post_transparent":"","_kad_post_title":"","_kad_post_layout":"","_kad_post_sidebar_id":"","_kad_post_content_style":"","_kad_post_vertical_padding":"","_kad_post_feature":"","_kad_post_feature_position":"","_kad_post_header":false,"_kad_post_footer":false,"_kad_post_classname":""},"class_list":["post-1584","news","type-news","status-publish"],"taxonomy_info":[],"featured_image_src_large":[],"author_info":[],"comment_info":"","_links":{"self":[{"href":"https:\/\/marcinjahr.com\/en\/wp-json\/wp\/v2\/news\/1584","targetHints":{"allow":["GET"]}}],"collection":[{"href":"https:\/\/marcinjahr.com\/en\/wp-json\/wp\/v2\/news"}],"about":[{"href":"https:\/\/marcinjahr.com\/en\/wp-json\/wp\/v2\/types\/news"}],"wp:attachment":[{"href":"https:\/\/marcinjahr.com\/en\/wp-json\/wp\/v2\/media?parent=1584"}],"curies":[{"name":"wp","href":"https:\/\/api.w.org\/{rel}","templated":true}]}}